{"id":1168,"date":"2026-04-20T06:37:18","date_gmt":"2026-04-20T06:37:18","guid":{"rendered":"https:\/\/carmearajol.com\/?p=1168"},"modified":"2026-04-19T06:39:59","modified_gmt":"2026-04-19T06:39:59","slug":"las-plantas-me-dan-la-vida","status":"publish","type":"post","link":"https:\/\/carmearajol.com\/ca\/las-plantas-me-dan-la-vida\/","title":{"rendered":"Les plantes em donen vida"},"content":{"rendered":"<p><\/p>\n\n\n\n<p>M\u2019encanten les plantes i \u00e9s per aquesta ra\u00f3 que casa meva la tinc plena de elles, visc en un pis que \u00e9s tot ell exterior i tinc les finestres plenes de plantes, tamb\u00e9 tinc un balc\u00f3 gran ple de plantes florals, de fulles grasses, petits arbres de ficus i olivera, arom\u00e0tiques i d\u2019us culinari. A l\u2019interior de la casa tamb\u00e9 n\u2019hi tinc moltes que m\u2019acompanyen i harmonitzen l\u2019energia del interior de la meva llar juntament amb les de les finestres i del balc\u00f3 que ajuden tamb\u00e9 a aquesta harmonitzaci\u00f3.\u00a0<\/p>\n\n\n\n<p>M\u2019encanta observar-les i veure qu\u00e8 \u00e9s el que necessiten, aigua, netejar-les de fulles seques, airejar la terra etc. El que si dono a totes elles \u00e9s amor des del fons del meu cor; a vegades els el comunico parlant i altres telep\u00e0ticament i sento que elles me\u2019l tornen amb el mateix sentiment afectu\u00f3s i estan contentes i molt vives i em donen vida i alegria; es tracta d\u2019un proc\u00e9s de retro alimentaci\u00f3 mutu.&nbsp;<\/p>\n\n\n\n<p>El que si tinc clar \u00e9s que no podria viure en aquesta casa on visc si no la tingu\u00e9s plena de plantes que em connecten plenament amb la mare terra, d\u2019aquesta manera sento com si casa meva estigu\u00e9s situada al mig de la natura.&nbsp;<\/p>\n\n\n\n<p>Aix\u00f2 no treu que vagi a la muntanya o a la mar gaireb\u00e9 cada dia on em descal\u00e7o per sentir la terra directament i alliberar-me de totes les tensions acumulades durant el dia, prenc el sol, faig una tanda de respiracions conscients, contemplo el meu voltant i parlo mentalment amb la mar o els arbres i plantes que em vaig trobant i els dono les gr\u00e0cies per acompanyar-me i alimentar-me de vida i energia constantment. Perqu\u00e8 tinc la sensaci\u00f3 que la natura \u00e9s molt generosa, ella dona i dona sense demanar res a canvi, i quan tenim cura de ella est\u00e0 molt agra\u00efda i contenta i ens ho retorna amb la seva renovada vitalitat. M\u2019agrada molt observar la geometria perfecta de cada fulla o de cada p\u00e8tal la qual cosa em fa pensar que tot en aquest univers est\u00e0 creat amb una perfecci\u00f3 Divina.&nbsp;<\/p>\n\n\n\n<p>La natura \u00e9s la millor mestra per a mi, ella m\u2019ensenya molts valors com la pau, la serenitat, la paci\u00e8ncia, la generositat, l\u2019harmonia i la bellesa i m\u2019agradaria que a les escoles, ja des de que els nens s\u00f3n petits se\u2019ls impregn\u00e9s d\u2019aquests sentiments ja que podria ajudar molt a que broll\u00e9s del seu cor aquests valors els quals els podrien reflectir en altres aspectes de la seva vida i aix\u00f2 faria que la nostra societat fos m\u00e9s sensible i humana.&nbsp;<\/p>\n\n\n\n<p>20 de abril de 2026\u00a0<\/p>\n\n\n<div class=\"wp-block-image\">\n<figure class=\"aligncenter size-full is-resized\"><img fetchpriority=\"high\" decoding=\"async\" width=\"600\" height=\"424\" src=\"https:\/\/carmearajol.com\/wp-content\/uploads\/2021\/06\/corazon.png\" alt=\"\" class=\"wp-image-53\" style=\"aspect-ratio:1.415098596633726;width:367px;height:auto\" srcset=\"https:\/\/carmearajol.com\/wp-content\/uploads\/2021\/06\/corazon.png 600w, https:\/\/carmearajol.com\/wp-content\/uploads\/2021\/06\/corazon-300x212.png 300w\" sizes=\"(max-width: 600px) 100vw, 600px\" \/><\/figure>\n<\/div>","protected":false},"excerpt":{"rendered":"<p>Me encantan las plantas y es por ello que mi casa la tengo llena de ellas; vivo en un piso en el que todas las ventanas son exteriores y las tengo llenas de plantas, tambi\u00e9n tengo un balc\u00f3n grande lleno de plantas florales, de hojas grasas, peque\u00f1os \u00e1rboles de ficus y olivo, arom\u00e1ticas y tambi\u00e9n&hellip;&nbsp;<a href=\"https:\/\/carmearajol.com\/ca\/las-plantas-me-dan-la-vida\/\" rel=\"bookmark\">Llegiu m\u00e9s &raquo;<span class=\"screen-reader-text\">Les plantes em donen vida<\/span><\/a><\/p>","protected":false},"author":1,"featured_media":1169,"comment_status":"open","ping_status":"open","sticky":false,"template":"","format":"standard","meta":{"sfsi_plus_gutenberg_text_before_share":"","sfsi_plus_gutenberg_show_text_before_share":"","sfsi_plus_gutenberg_icon_type":"","sfsi_plus_gutenberg_icon_alignemt":"","sfsi_plus_gutenburg_max_per_row":"","neve_meta_sidebar":"","neve_meta_container":"","neve_meta_enable_content_width":"","neve_meta_content_width":0,"neve_meta_title_alignment":"","neve_meta_author_avatar":"","neve_post_elements_order":"","neve_meta_disable_header":"","neve_meta_disable_footer":"","neve_meta_disable_title":"","footnotes":""},"categories":[24],"tags":[],"class_list":["post-1168","post","type-post","status-publish","format-standard","has-post-thumbnail","hentry","category-reflexiones"],"_links":{"self":[{"href":"https:\/\/carmearajol.com\/ca\/wp-json\/wp\/v2\/posts\/1168","targetHints":{"allow":["GET"]}}],"collection":[{"href":"https:\/\/carmearajol.com\/ca\/wp-json\/wp\/v2\/posts"}],"about":[{"href":"https:\/\/carmearajol.com\/ca\/wp-json\/wp\/v2\/types\/post"}],"author":[{"embeddable":true,"href":"https:\/\/carmearajol.com\/ca\/wp-json\/wp\/v2\/users\/1"}],"replies":[{"embeddable":true,"href":"https:\/\/carmearajol.com\/ca\/wp-json\/wp\/v2\/comments?post=1168"}],"version-history":[{"count":1,"href":"https:\/\/carmearajol.com\/ca\/wp-json\/wp\/v2\/posts\/1168\/revisions"}],"predecessor-version":[{"id":1170,"href":"https:\/\/carmearajol.com\/ca\/wp-json\/wp\/v2\/posts\/1168\/revisions\/1170"}],"wp:featuredmedia":[{"embeddable":true,"href":"https:\/\/carmearajol.com\/ca\/wp-json\/wp\/v2\/media\/1169"}],"wp:attachment":[{"href":"https:\/\/carmearajol.com\/ca\/wp-json\/wp\/v2\/media?parent=1168"}],"wp:term":[{"taxonomy":"category","embeddable":true,"href":"https:\/\/carmearajol.com\/ca\/wp-json\/wp\/v2\/categories?post=1168"},{"taxonomy":"post_tag","embeddable":true,"href":"https:\/\/carmearajol.com\/ca\/wp-json\/wp\/v2\/tags?post=1168"}],"curies":[{"name":"wp","href":"https:\/\/api.w.org\/{rel}","templated":true}]}}