{"id":1061,"date":"2025-07-20T08:17:31","date_gmt":"2025-07-20T08:17:31","guid":{"rendered":"https:\/\/carmearajol.com\/?p=1061"},"modified":"2025-07-20T08:17:36","modified_gmt":"2025-07-20T08:17:36","slug":"cuando-el-canto-surge-del-corazon","status":"publish","type":"post","link":"https:\/\/carmearajol.com\/ca\/cuando-el-canto-surge-del-corazon\/","title":{"rendered":"Quan el cant surt del cor"},"content":{"rendered":"<div data-elementor-type=\"wp-post\" data-elementor-id=\"1061\" class=\"elementor elementor-1061\" data-elementor-settings=\"{&quot;ha_cmc_init_switcher&quot;:&quot;no&quot;}\">\n\t\t\t\t\t\t<section class=\"elementor-section elementor-top-section elementor-element elementor-element-c4f17e3 elementor-section-boxed elementor-section-height-default elementor-section-height-default\" data-id=\"c4f17e3\" data-element_type=\"section\" data-e-type=\"section\">\n\t\t\t\t\t\t<div class=\"elementor-container elementor-column-gap-default\">\n\t\t\t\t\t<div class=\"elementor-column elementor-col-100 elementor-top-column elementor-element elementor-element-b278bb2\" data-id=\"b278bb2\" data-element_type=\"column\" data-e-type=\"column\">\n\t\t\t<div class=\"elementor-widget-wrap elementor-element-populated\">\n\t\t\t\t\t\t<div class=\"elementor-element elementor-element-461ddc4 elementor-widget elementor-widget-text-editor\" data-id=\"461ddc4\" data-element_type=\"widget\" data-e-type=\"widget\" data-widget_type=\"text-editor.default\">\n\t\t\t\t\t\t\t\t\t<p><span style=\"color: #000000;\">La nostra veu \u00e9s l\u2019expressi\u00f3 de l\u2019\u00e0nima i l\u2019esperit, per la qual cosa quan cantem aix\u00f2 \u00e9s el que passa, tot i que no hem estat entrenats per a que la nostra veu s\u2019expressi en total puresa i amb tot el seu potencial; \u00e9s per aquest motiu que nom\u00e9s persones que tenen aquesta habilitat m\u00e9s desenvolupada de manera natural o b\u00e9 han entrenat la veu, han pogut mostrar la seva veu totalment.<\/span><\/p><p><br \/><span style=\"color: #000000;\">A mi m\u2019agrada cantar, tot i que no tinc una bona veu. He cantat en una coral cl\u00e0ssica durant tres anys i tretze anys en diverses corals de G\u00f2spel on m\u2019ho he passat molt b\u00e9, ara no canto perqu\u00e8 tinc altres ocupacions, tamb\u00e9 molt gratificants que m\u2019ho impedeixen per\u00f2 sempre que puc aprofito per anar a un  concert.<\/span><\/p><p><br \/><span style=\"color: #000000;\">Quan vaig descobrir el G\u00f2spel vaig sentir que havia trobat l\u2019estil amb el que m\u2019he sentit m\u00e9s c\u00f2moda i m\u2019he pogut expressar des del cor tots aquests anys, ja que aquest tipus de cant nom\u00e9s pot sortir b\u00e9 si surt des d\u2019aquest espai d\u2019amor genu\u00ed i \u00e9s a les hores que els cantaires comuniquen el seu sentiment aut\u00e8ntic a l\u2019audi\u00e8ncia i tots junts aconsegueixen viure una experi\u00e8ncia molt plena d\u2019emocions transformadores.<\/span><\/p><p class=\"translation-block\"><span style=\"color: #000000\"> La paraula G\u00f2spel vol dir Evangeli i tamb\u00e9 <em>Bones Not\u00edcies <\/em>i, en general, les can\u00e7ons es dediquen a l\u2019energia Universal que impregna tot aquest Univers que alguns li diuen D\u00e9u, altres Univers etc. tot i que tamb\u00e9 hi ha lletres de can\u00e7ons que descriuen com viuen els \u00e9ssers humans situacions quotidianes  que <\/span><span style=\"color: #000000\">totes elles porten el cantaire i  l\u2019audi\u00e8ncia a entrar en un estat profund i aut\u00e8ntic.<\/span><\/p><p><span style=\"color: #000000;\">En les corals de G\u00f2spel hi ha gent de tot tipus, religi\u00f3s, espiritual i agn\u00f2stica, tots venen atrets  per aquest tipus de m\u00fasica, ja que \u00e9s molt din\u00e0mica i vibrant i tots s\u2019ho passen molt b\u00e9  ja que a la coral els cantaires no es mouen per ideologies o dogmes sin\u00f3 pel que senten quan canten i el que comuniquen als assistents en els concerts,<\/span><\/p><p><br \/><span style=\"color: #000000;\">Jo soc una persona espiritual, tot i que no religiosa i vaig trobar en el   G\u00f2spel la manera de expressar els meus sentiments m\u00e9s genu\u00efns. Quan canto m\u2019identifico amb la lletra de la can\u00e7\u00f3 i la visc plenament i sento com el meu cor s\u2019eixampla, el meu rostre es va relaxant i els meus ulls adquireixen una brillantor especial i quan miro el rostre dels assistents al concert puc percebre en la seva expressi\u00f3 molta emoci\u00f3 i alegria i tamb\u00e9 com es desbloquegen les faccions de la cara a mesura que el concert avan\u00e7a i els seus ulls mostren tamb\u00e9 una brillantor especial i a vegades hi rodolen les ll\u00e0grimes. Com  podeu veure soc una enamorada d\u2019aquest tipus de cant que m\u2019omple el cor.<\/span><\/p><p><br \/><span style=\"color: #000000;\">Com a conclusi\u00f3 vull dir que el cant, en general, alegra el cor i jo que he provat altres estils de cant a partir de la meva experi\u00e8ncia puc dir que el G\u00f2spel \u00e9s un cant molt sanador ja que ajuda a que les persones, al menys durant el concert,  puguin desfer els seus nusos emocionals i oblidar les seves preocupacions i d\u2019aquesta manera puguin ser m\u00e9s feli\u00e7os tastant el n\u00e8ctar de l\u2019amor genu\u00ed que surt del seus cors i el dels cantaires.<\/span><\/p><p><br \/><span style=\"color: #000000;\">20 de juliol de 2025<\/span><\/p><p><img fetchpriority=\"high\" decoding=\"async\" class=\"size-medium wp-image-53 aligncenter\" src=\"https:\/\/carmearajol.com\/wp-content\/uploads\/2021\/06\/corazon-300x212.png\" alt=\"\" width=\"300\" height=\"212\" srcset=\"https:\/\/carmearajol.com\/wp-content\/uploads\/2021\/06\/corazon-300x212.png 300w, https:\/\/carmearajol.com\/wp-content\/uploads\/2021\/06\/corazon.png 600w\" sizes=\"(max-width: 300px) 100vw, 300px\" \/><\/p><p>\u00a0<\/p>\t\t\t\t\t\t\t\t<\/div>\n\t\t\t\t\t<\/div>\n\t\t<\/div>\n\t\t\t\t\t<\/div>\n\t\t<\/section>\n\t\t\t\t<\/div>","protected":false},"excerpt":{"rendered":"<p>Nuestra voz es la expresi\u00f3n del alma y el esp\u00edritu, por esta raz\u00f3n cuando cantamos esto es lo que ocurre a pesar de no haber estado entrenados para que nuestra voz se exprese en total pureza y con todo su potencial; por este motivo, solo las personas que tienen esta habilidad m\u00e1s desarrollada de forma&hellip;&nbsp;<a href=\"https:\/\/carmearajol.com\/ca\/cuando-el-canto-surge-del-corazon\/\" rel=\"bookmark\">Llegiu m\u00e9s &raquo;<span class=\"screen-reader-text\">Quan el cant surt del cor<\/span><\/a><\/p>","protected":false},"author":1,"featured_media":1062,"comment_status":"open","ping_status":"open","sticky":false,"template":"","format":"standard","meta":{"sfsi_plus_gutenberg_text_before_share":"","sfsi_plus_gutenberg_show_text_before_share":"","sfsi_plus_gutenberg_icon_type":"","sfsi_plus_gutenberg_icon_alignemt":"","sfsi_plus_gutenburg_max_per_row":"","neve_meta_sidebar":"","neve_meta_container":"","neve_meta_enable_content_width":"","neve_meta_content_width":0,"neve_meta_title_alignment":"","neve_meta_author_avatar":"","neve_post_elements_order":"[\"title\",\"meta\",\"thumbnail\",\"content\",\"tags\",\"comments\"]","neve_meta_disable_header":"","neve_meta_disable_footer":"","neve_meta_disable_title":"","footnotes":""},"categories":[17,3],"tags":[],"class_list":["post-1061","post","type-post","status-publish","format-standard","has-post-thumbnail","hentry","category-alzheimer","category-blog"],"_links":{"self":[{"href":"https:\/\/carmearajol.com\/ca\/wp-json\/wp\/v2\/posts\/1061","targetHints":{"allow":["GET"]}}],"collection":[{"href":"https:\/\/carmearajol.com\/ca\/wp-json\/wp\/v2\/posts"}],"about":[{"href":"https:\/\/carmearajol.com\/ca\/wp-json\/wp\/v2\/types\/post"}],"author":[{"embeddable":true,"href":"https:\/\/carmearajol.com\/ca\/wp-json\/wp\/v2\/users\/1"}],"replies":[{"embeddable":true,"href":"https:\/\/carmearajol.com\/ca\/wp-json\/wp\/v2\/comments?post=1061"}],"version-history":[{"count":14,"href":"https:\/\/carmearajol.com\/ca\/wp-json\/wp\/v2\/posts\/1061\/revisions"}],"predecessor-version":[{"id":1076,"href":"https:\/\/carmearajol.com\/ca\/wp-json\/wp\/v2\/posts\/1061\/revisions\/1076"}],"wp:featuredmedia":[{"embeddable":true,"href":"https:\/\/carmearajol.com\/ca\/wp-json\/wp\/v2\/media\/1062"}],"wp:attachment":[{"href":"https:\/\/carmearajol.com\/ca\/wp-json\/wp\/v2\/media?parent=1061"}],"wp:term":[{"taxonomy":"category","embeddable":true,"href":"https:\/\/carmearajol.com\/ca\/wp-json\/wp\/v2\/categories?post=1061"},{"taxonomy":"post_tag","embeddable":true,"href":"https:\/\/carmearajol.com\/ca\/wp-json\/wp\/v2\/tags?post=1061"}],"curies":[{"name":"wp","href":"https:\/\/api.w.org\/{rel}","templated":true}]}}